{"id":220,"date":"2025-06-18T13:59:23","date_gmt":"2025-06-18T13:59:23","guid":{"rendered":"https:\/\/m-s-s.dk\/?p=220"},"modified":"2025-06-18T13:59:23","modified_gmt":"2025-06-18T13:59:23","slug":"marcus-terkildsen-skifter-til-super-gt","status":"publish","type":"post","link":"https:\/\/m-s-s.dk\/?p=220","title":{"rendered":"Marcus Terkildsen skifter til Super GT"},"content":{"rendered":"\n<p>Marcus Terkildsen tager endnu et skridt op af motorsportsstigen, n\u00e5r han om halvanden uge stiller til start i Selected Car Group Super GT 2025 p\u00e5 Ring Djursland.<\/p>\n\n\n\n<p>Marcus Terkildsen skifter til Super GT Marcus Terkildsen tager endnu et skridt op af motorsportsstigen, n\u00e5r han om halvanden uge stiller til start i Selected Car Group Super GT 2025 p\u00e5 Ring Djursland. Den kun 15-\u00e5rige racerk\u00f8rer fra Horsens har skrevet kontrakt med Birk Motorsport for resten af s\u00e6sonen, hvor han skal k\u00f8re i en af deres tre Super GT racere.<br>Det bliver lige p\u00e5 og h\u00e5rdt for den unge racerk\u00f8rer, som for sm\u00e5 14 m\u00e5neder siden debuterede i asfaltbanesporten i Formel 5 klassen, som er indstigningsklassen for formelbiler. F\u00e5 m\u00e5neder senere, fik han mulighed for at starte i Danish Endurance Championship for Sally Racing, i en af deres Cupra TCR racere, og blev derfor yngste k\u00f8rer p\u00e5 verdensplan, som havde stillet til start i en TCR racer. Faktisk skulle der en alders dispensation i hus dengang, da 14-\u00e5rige normalvis ikke m\u00e5tte deltage i den klasse, men DASU var s\u00e5 imponeret over hans fart og form\u00e5en fra Formel 5 l\u00f8bene, at de ikke var bange for at give ham det.<\/p>\n\n\n\n<p>Det blev s\u00e5 absolut bel\u00f8nnet, da han senere p\u00e5 s\u00e6sonen stod \u00f8verst p\u00e5 podiet, og var med til at k\u00f8re raceren til en 3. plads i det Division 3 mesterskabet.<\/p>\n\n\n\n<p>Marcus Terkildsen skifter til Super GT.<\/p>\n\n\n\n<p>Sidel\u00f8bende har Marcus dog ogs\u00e5 haft mulighed for at teste lidt i udlandet, hvor han flere gange har testet en Porsche Cayman GT4 racer i b\u00e5de Aragon i Spanien, og s\u00e5 sent som i denne uge, p\u00e5 Spa Francorchamps banen i Belgien. Dertil kom en l\u00f8bsweekend p\u00e5 Zandvoort i TCR raceren i april m\u00e5ned.<\/p>\n\n\n\n<p>DEC 2025 s\u00e6sonen blev startet med to podiepladser med Sally Racing, og en aktuel 3. plads i mesterskabet.<\/p>\n\n\n\n<p>Men da kontakten og kontrakten med Birk Motorsport kom i stand, var der ikke tvivl om, at Terkildsen skulle gribe den store mulighed, som han har f\u00e5et.<\/p>\n\n\n\n<p><a href=\"https:\/\/www.motorsporten.dk\/news.asp?aID=79770&amp;title=Super+GT+Danmark%3A+Marcus+Terkildsen+skifter+til+Super+GT\">L\u00e6s mere p\u00e5 motorsporten.dk <\/a><\/p>\n\n\n\n<figure class=\"wp-block-gallery has-nested-images columns-default is-cropped wp-block-gallery-1 is-layout-flex wp-block-gallery-is-layout-flex\">\n<figure class=\"wp-block-image\"><img decoding=\"async\" src=\"https:\/\/m-s-s.dk\/wp-content\/uploads\/2025\/06\/Super-GT2-150x150.jpg\" alt=\"\"\/><\/figure>\n<\/figure>\n","protected":false},"excerpt":{"rendered":"<p>Marcus Terkildsen tager endnu et skridt op af motorsportsstigen, n\u00e5r han om halvanden uge stiller til start i Selected Car Group Super GT 2025 p\u00e5 Ring Djursland. Marcus Terkildsen skifter til Super GT Marcus Terkildsen tager endnu et skridt op af motorsportsstigen, n\u00e5r han om halvanden uge stiller til start i Selected Car Group Super [&hellip;]<\/p>\n","protected":false},"author":1,"featured_media":221,"comment_status":"open","ping_status":"open","sticky":false,"template":"","format":"standard","meta":{"footnotes":""},"categories":[1],"tags":[],"class_list":["post-220","post","type-post","status-publish","format-standard","has-post-thumbnail","hentry","category-uncategorized"],"yoast_head":"<!-- This site is optimized with the Yoast SEO plugin v24.3 - https:\/\/yoast.com\/wordpress\/plugins\/seo\/ -->\n<title>Marcus Terkildsen skifter til Super GT - Motorsport S\u00f8nderjylland<\/title>\n<meta name=\"robots\" content=\"index, follow, max-snippet:-1, max-image-preview:large, max-video-preview:-1\" \/>\n<link rel=\"canonical\" href=\"https:\/\/m-s-s.dk\/?p=220\" \/>\n<meta property=\"og:locale\" content=\"da_DK\" \/>\n<meta property=\"og:type\" content=\"article\" \/>\n<meta property=\"og:title\" content=\"Marcus Terkildsen skifter til Super GT - Motorsport S\u00f8nderjylland\" \/>\n<meta property=\"og:description\" content=\"Marcus Terkildsen tager endnu et skridt op af motorsportsstigen, n\u00e5r han om halvanden uge stiller til start i Selected Car Group Super GT 2025 p\u00e5 Ring Djursland. Marcus Terkildsen skifter til Super GT Marcus Terkildsen tager endnu et skridt op af motorsportsstigen, n\u00e5r han om halvanden uge stiller til start i Selected Car Group Super [&hellip;]\" \/>\n<meta property=\"og:url\" content=\"https:\/\/m-s-s.dk\/?p=220\" \/>\n<meta property=\"og:site_name\" content=\"Motorsport S\u00f8nderjylland\" \/>\n<meta property=\"article:published_time\" content=\"2025-06-18T13:59:23+00:00\" \/>\n<meta property=\"og:image\" content=\"https:\/\/m-s-s.dk\/wp-content\/uploads\/2025\/06\/Super-GT2.jpg\" \/>\n\t<meta property=\"og:image:width\" content=\"1024\" \/>\n\t<meta property=\"og:image:height\" content=\"525\" \/>\n\t<meta property=\"og:image:type\" content=\"image\/jpeg\" \/>\n<meta name=\"author\" content=\"admin\" \/>\n<meta name=\"twitter:card\" content=\"summary_large_image\" \/>\n<meta name=\"twitter:label1\" content=\"Skrevet af\" \/>\n\t<meta name=\"twitter:data1\" content=\"admin\" \/>\n\t<meta name=\"twitter:label2\" content=\"Estimeret l\u00e6setid\" \/>\n\t<meta name=\"twitter:data2\" content=\"3 minutter\" \/>\n<script type=\"application\/ld+json\" class=\"yoast-schema-graph\">{\"@context\":\"https:\/\/schema.org\",\"@graph\":[{\"@type\":\"WebPage\",\"@id\":\"https:\/\/m-s-s.dk\/?p=220\",\"url\":\"https:\/\/m-s-s.dk\/?p=220\",\"name\":\"Marcus Terkildsen skifter til Super GT - Motorsport S\u00f8nderjylland\",\"isPartOf\":{\"@id\":\"https:\/\/m-s-s.dk\/#website\"},\"primaryImageOfPage\":{\"@id\":\"https:\/\/m-s-s.dk\/?p=220#primaryimage\"},\"image\":{\"@id\":\"https:\/\/m-s-s.dk\/?p=220#primaryimage\"},\"thumbnailUrl\":\"https:\/\/m-s-s.dk\/wp-content\/uploads\/2025\/06\/Super-GT2.jpg\",\"datePublished\":\"2025-06-18T13:59:23+00:00\",\"dateModified\":\"2025-06-18T13:59:23+00:00\",\"author\":{\"@id\":\"https:\/\/m-s-s.dk\/#\/schema\/person\/5970258c4acb6082f0548fe0d60129b9\"},\"breadcrumb\":{\"@id\":\"https:\/\/m-s-s.dk\/?p=220#breadcrumb\"},\"inLanguage\":\"da-DK\",\"potentialAction\":[{\"@type\":\"ReadAction\",\"target\":[\"https:\/\/m-s-s.dk\/?p=220\"]}]},{\"@type\":\"ImageObject\",\"inLanguage\":\"da-DK\",\"@id\":\"https:\/\/m-s-s.dk\/?p=220#primaryimage\",\"url\":\"https:\/\/m-s-s.dk\/wp-content\/uploads\/2025\/06\/Super-GT2.jpg\",\"contentUrl\":\"https:\/\/m-s-s.dk\/wp-content\/uploads\/2025\/06\/Super-GT2.jpg\",\"width\":1024,\"height\":525},{\"@type\":\"BreadcrumbList\",\"@id\":\"https:\/\/m-s-s.dk\/?p=220#breadcrumb\",\"itemListElement\":[{\"@type\":\"ListItem\",\"position\":1,\"name\":\"Hjem\",\"item\":\"https:\/\/m-s-s.dk\/\"},{\"@type\":\"ListItem\",\"position\":2,\"name\":\"Marcus Terkildsen skifter til Super GT\"}]},{\"@type\":\"WebSite\",\"@id\":\"https:\/\/m-s-s.dk\/#website\",\"url\":\"https:\/\/m-s-s.dk\/\",\"name\":\"Motorsport S\u00f8nderjylland\",\"description\":\"\",\"potentialAction\":[{\"@type\":\"SearchAction\",\"target\":{\"@type\":\"EntryPoint\",\"urlTemplate\":\"https:\/\/m-s-s.dk\/?s={search_term_string}\"},\"query-input\":{\"@type\":\"PropertyValueSpecification\",\"valueRequired\":true,\"valueName\":\"search_term_string\"}}],\"inLanguage\":\"da-DK\"},{\"@type\":\"Person\",\"@id\":\"https:\/\/m-s-s.dk\/#\/schema\/person\/5970258c4acb6082f0548fe0d60129b9\",\"name\":\"admin\",\"image\":{\"@type\":\"ImageObject\",\"inLanguage\":\"da-DK\",\"@id\":\"https:\/\/m-s-s.dk\/#\/schema\/person\/image\/\",\"url\":\"https:\/\/secure.gravatar.com\/avatar\/26b8eda590022d38d575d76a8ad8bdc1?s=96&d=mm&r=g\",\"contentUrl\":\"https:\/\/secure.gravatar.com\/avatar\/26b8eda590022d38d575d76a8ad8bdc1?s=96&d=mm&r=g\",\"caption\":\"admin\"},\"sameAs\":[\"https:\/\/m-s-s.dk.wintherhedegaard.dk\"],\"url\":\"https:\/\/m-s-s.dk\/?author=1\"}]}<\/script>\n<!-- \/ Yoast SEO plugin. -->","yoast_head_json":{"title":"Marcus Terkildsen skifter til Super GT - Motorsport S\u00f8nderjylland","robots":{"index":"index","follow":"follow","max-snippet":"max-snippet:-1","max-image-preview":"max-image-preview:large","max-video-preview":"max-video-preview:-1"},"canonical":"https:\/\/m-s-s.dk\/?p=220","og_locale":"da_DK","og_type":"article","og_title":"Marcus Terkildsen skifter til Super GT - Motorsport S\u00f8nderjylland","og_description":"Marcus Terkildsen tager endnu et skridt op af motorsportsstigen, n\u00e5r han om halvanden uge stiller til start i Selected Car Group Super GT 2025 p\u00e5 Ring Djursland. Marcus Terkildsen skifter til Super GT Marcus Terkildsen tager endnu et skridt op af motorsportsstigen, n\u00e5r han om halvanden uge stiller til start i Selected Car Group Super [&hellip;]","og_url":"https:\/\/m-s-s.dk\/?p=220","og_site_name":"Motorsport S\u00f8nderjylland","article_published_time":"2025-06-18T13:59:23+00:00","og_image":[{"width":1024,"height":525,"url":"https:\/\/m-s-s.dk\/wp-content\/uploads\/2025\/06\/Super-GT2.jpg","type":"image\/jpeg"}],"author":"admin","twitter_card":"summary_large_image","twitter_misc":{"Skrevet af":"admin","Estimeret l\u00e6setid":"3 minutter"},"schema":{"@context":"https:\/\/schema.org","@graph":[{"@type":"WebPage","@id":"https:\/\/m-s-s.dk\/?p=220","url":"https:\/\/m-s-s.dk\/?p=220","name":"Marcus Terkildsen skifter til Super GT - Motorsport S\u00f8nderjylland","isPartOf":{"@id":"https:\/\/m-s-s.dk\/#website"},"primaryImageOfPage":{"@id":"https:\/\/m-s-s.dk\/?p=220#primaryimage"},"image":{"@id":"https:\/\/m-s-s.dk\/?p=220#primaryimage"},"thumbnailUrl":"https:\/\/m-s-s.dk\/wp-content\/uploads\/2025\/06\/Super-GT2.jpg","datePublished":"2025-06-18T13:59:23+00:00","dateModified":"2025-06-18T13:59:23+00:00","author":{"@id":"https:\/\/m-s-s.dk\/#\/schema\/person\/5970258c4acb6082f0548fe0d60129b9"},"breadcrumb":{"@id":"https:\/\/m-s-s.dk\/?p=220#breadcrumb"},"inLanguage":"da-DK","potentialAction":[{"@type":"ReadAction","target":["https:\/\/m-s-s.dk\/?p=220"]}]},{"@type":"ImageObject","inLanguage":"da-DK","@id":"https:\/\/m-s-s.dk\/?p=220#primaryimage","url":"https:\/\/m-s-s.dk\/wp-content\/uploads\/2025\/06\/Super-GT2.jpg","contentUrl":"https:\/\/m-s-s.dk\/wp-content\/uploads\/2025\/06\/Super-GT2.jpg","width":1024,"height":525},{"@type":"BreadcrumbList","@id":"https:\/\/m-s-s.dk\/?p=220#breadcrumb","itemListElement":[{"@type":"ListItem","position":1,"name":"Hjem","item":"https:\/\/m-s-s.dk\/"},{"@type":"ListItem","position":2,"name":"Marcus Terkildsen skifter til Super GT"}]},{"@type":"WebSite","@id":"https:\/\/m-s-s.dk\/#website","url":"https:\/\/m-s-s.dk\/","name":"Motorsport S\u00f8nderjylland","description":"","potentialAction":[{"@type":"SearchAction","target":{"@type":"EntryPoint","urlTemplate":"https:\/\/m-s-s.dk\/?s={search_term_string}"},"query-input":{"@type":"PropertyValueSpecification","valueRequired":true,"valueName":"search_term_string"}}],"inLanguage":"da-DK"},{"@type":"Person","@id":"https:\/\/m-s-s.dk\/#\/schema\/person\/5970258c4acb6082f0548fe0d60129b9","name":"admin","image":{"@type":"ImageObject","inLanguage":"da-DK","@id":"https:\/\/m-s-s.dk\/#\/schema\/person\/image\/","url":"https:\/\/secure.gravatar.com\/avatar\/26b8eda590022d38d575d76a8ad8bdc1?s=96&d=mm&r=g","contentUrl":"https:\/\/secure.gravatar.com\/avatar\/26b8eda590022d38d575d76a8ad8bdc1?s=96&d=mm&r=g","caption":"admin"},"sameAs":["https:\/\/m-s-s.dk.wintherhedegaard.dk"],"url":"https:\/\/m-s-s.dk\/?author=1"}]}},"_links":{"self":[{"href":"https:\/\/m-s-s.dk\/index.php?rest_route=\/wp\/v2\/posts\/220","targetHints":{"allow":["GET"]}}],"collection":[{"href":"https:\/\/m-s-s.dk\/index.php?rest_route=\/wp\/v2\/posts"}],"about":[{"href":"https:\/\/m-s-s.dk\/index.php?rest_route=\/wp\/v2\/types\/post"}],"author":[{"embeddable":true,"href":"https:\/\/m-s-s.dk\/index.php?rest_route=\/wp\/v2\/users\/1"}],"replies":[{"embeddable":true,"href":"https:\/\/m-s-s.dk\/index.php?rest_route=%2Fwp%2Fv2%2Fcomments&post=220"}],"version-history":[{"count":1,"href":"https:\/\/m-s-s.dk\/index.php?rest_route=\/wp\/v2\/posts\/220\/revisions"}],"predecessor-version":[{"id":222,"href":"https:\/\/m-s-s.dk\/index.php?rest_route=\/wp\/v2\/posts\/220\/revisions\/222"}],"wp:featuredmedia":[{"embeddable":true,"href":"https:\/\/m-s-s.dk\/index.php?rest_route=\/wp\/v2\/media\/221"}],"wp:attachment":[{"href":"https:\/\/m-s-s.dk\/index.php?rest_route=%2Fwp%2Fv2%2Fmedia&parent=220"}],"wp:term":[{"taxonomy":"category","embeddable":true,"href":"https:\/\/m-s-s.dk\/index.php?rest_route=%2Fwp%2Fv2%2Fcategories&post=220"},{"taxonomy":"post_tag","embeddable":true,"href":"https:\/\/m-s-s.dk\/index.php?rest_route=%2Fwp%2Fv2%2Ftags&post=220"}],"curies":[{"name":"wp","href":"https:\/\/api.w.org\/{rel}","templated":true}]}}